{"@context":"https:\/\/schema.org\/","@type":"CollectionPage","@id":"https:\/\/www.asipo.cz\/zbozi\/#CollectionPage","headline":"Zbo\u017e\u00ed Category","description":"","url":"https:\/\/www.asipo.cz\/zbozi\/","hasPart":[{"@type":"Article","@id":"https:\/\/www.asipo.cz\/kalhotky-pri-menstruaci\/","headline":"Kalhotky p\u0159i menstruaci","url":"https:\/\/www.asipo.cz\/kalhotky-pri-menstruaci\/","datePublished":"2023-12-17","dateModified":"2024-01-18","mainEntityOfPage":"https:\/\/www.asipo.cz\/kalhotky-pri-menstruaci\/","author":{"@type":"Person","@id":"https:\/\/www.asipo.cz\/author\/#Person","name":"","url":"https:\/\/www.asipo.cz\/author\/","identifier":1,"image":{"@type":"ImageObject","@id":"https:\/\/secure.gravatar.com\/avatar\/2dfb47fe8ef5e1795dc8fdf9fc01f7f6e0de0c5b588d6a35abd2f00b6a65d2be?s=96&d=mm&r=g","url":"https:\/\/secure.gravatar.com\/avatar\/2dfb47fe8ef5e1795dc8fdf9fc01f7f6e0de0c5b588d6a35abd2f00b6a65d2be?s=96&d=mm&r=g","height":96,"width":96}},"publisher":{"@type":"Organization","name":"asipo.cz","logo":{"@type":"ImageObject","@id":"\/logo.png","url":"\/logo.png","width":600,"height":60}},"image":{"@type":"ImageObject","@id":"https:\/\/www.asipo.cz\/wp-content\/uploads\/girl-555657_1280.jpg","url":"https:\/\/www.asipo.cz\/wp-content\/uploads\/girl-555657_1280.jpg","height":0,"width":0},"keywords":null},{"@type":"Article","@id":"https:\/\/www.asipo.cz\/sbirka-auticek\/","headline":"Sb\u00edrka aut\u00ed\u010dek","url":"https:\/\/www.asipo.cz\/sbirka-auticek\/","datePublished":"2023-09-25","dateModified":"2023-10-26","mainEntityOfPage":"https:\/\/www.asipo.cz\/sbirka-auticek\/","author":{"@type":"Person","@id":"https:\/\/www.asipo.cz\/author\/#Person","name":"","url":"https:\/\/www.asipo.cz\/author\/","identifier":1,"image":{"@type":"ImageObject","@id":"https:\/\/secure.gravatar.com\/avatar\/2dfb47fe8ef5e1795dc8fdf9fc01f7f6e0de0c5b588d6a35abd2f00b6a65d2be?s=96&d=mm&r=g","url":"https:\/\/secure.gravatar.com\/avatar\/2dfb47fe8ef5e1795dc8fdf9fc01f7f6e0de0c5b588d6a35abd2f00b6a65d2be?s=96&d=mm&r=g","height":96,"width":96}},"publisher":{"@type":"Organization","name":"asipo.cz","logo":{"@type":"ImageObject","@id":"\/logo.png","url":"\/logo.png","width":600,"height":60}},"image":{"@type":"ImageObject","@id":"https:\/\/www.asipo.cz\/wp-content\/uploads\/model-car-2087046_1280.jpg","url":"https:\/\/www.asipo.cz\/wp-content\/uploads\/model-car-2087046_1280.jpg","height":0,"width":0},"keywords":null},{"@type":"Article","@id":"https:\/\/www.asipo.cz\/pro-mladistvy-vzhled-i-zdrave-klouby\/","headline":"Pro mladistv\u00fd vzhled i zdrav\u00e9 klouby","url":"https:\/\/www.asipo.cz\/pro-mladistvy-vzhled-i-zdrave-klouby\/","datePublished":"2023-08-25","dateModified":"2023-08-25","mainEntityOfPage":"https:\/\/www.asipo.cz\/pro-mladistvy-vzhled-i-zdrave-klouby\/","author":{"@type":"Person","@id":"https:\/\/www.asipo.cz\/author\/#Person","name":"","url":"https:\/\/www.asipo.cz\/author\/","identifier":1,"image":{"@type":"ImageObject","@id":"https:\/\/secure.gravatar.com\/avatar\/2dfb47fe8ef5e1795dc8fdf9fc01f7f6e0de0c5b588d6a35abd2f00b6a65d2be?s=96&d=mm&r=g","url":"https:\/\/secure.gravatar.com\/avatar\/2dfb47fe8ef5e1795dc8fdf9fc01f7f6e0de0c5b588d6a35abd2f00b6a65d2be?s=96&d=mm&r=g","height":96,"width":96}},"publisher":{"@type":"Organization","name":"asipo.cz","logo":{"@type":"ImageObject","@id":"\/logo.png","url":"\/logo.png","width":600,"height":60}},"image":{"@type":"ImageObject","@id":"https:\/\/www.asipo.cz\/wp-content\/uploads\/pexels-correxiko-collagen-6475133_10_9.jpg","url":"https:\/\/www.asipo.cz\/wp-content\/uploads\/pexels-correxiko-collagen-6475133_10_9.jpg","height":0,"width":0},"keywords":null},{"@type":"Article","@id":"https:\/\/www.asipo.cz\/co-jsou-to-multifunkcni-tiskarny\/","headline":"Co jsou to multifunk\u010dn\u00ed tisk\u00e1rny","url":"https:\/\/www.asipo.cz\/co-jsou-to-multifunkcni-tiskarny\/","datePublished":"2023-06-21","dateModified":"2023-07-24","mainEntityOfPage":"https:\/\/www.asipo.cz\/co-jsou-to-multifunkcni-tiskarny\/","author":{"@type":"Person","@id":"https:\/\/www.asipo.cz\/author\/#Person","name":"","url":"https:\/\/www.asipo.cz\/author\/","identifier":1,"image":{"@type":"ImageObject","@id":"https:\/\/secure.gravatar.com\/avatar\/2dfb47fe8ef5e1795dc8fdf9fc01f7f6e0de0c5b588d6a35abd2f00b6a65d2be?s=96&d=mm&r=g","url":"https:\/\/secure.gravatar.com\/avatar\/2dfb47fe8ef5e1795dc8fdf9fc01f7f6e0de0c5b588d6a35abd2f00b6a65d2be?s=96&d=mm&r=g","height":96,"width":96}},"publisher":{"@type":"Organization","name":"asipo.cz","logo":{"@type":"ImageObject","@id":"\/logo.png","url":"\/logo.png","width":600,"height":60}},"image":{"@type":"ImageObject","@id":"https:\/\/www.asipo.cz\/wp-content\/uploads\/tiskarna3.jpg","url":"https:\/\/www.asipo.cz\/wp-content\/uploads\/tiskarna3.jpg","height":0,"width":0},"keywords":null},{"@type":"Article","@id":"https:\/\/www.asipo.cz\/naucte-se-sit-krasne-veci\/","headline":"Nau\u010dte se \u0161\u00edt kr\u00e1sn\u00e9 v\u011bci","url":"https:\/\/www.asipo.cz\/naucte-se-sit-krasne-veci\/","datePublished":"2023-06-21","dateModified":"2023-07-24","mainEntityOfPage":"https:\/\/www.asipo.cz\/naucte-se-sit-krasne-veci\/","author":{"@type":"Person","@id":"https:\/\/www.asipo.cz\/author\/#Person","name":"","url":"https:\/\/www.asipo.cz\/author\/","identifier":1,"image":{"@type":"ImageObject","@id":"https:\/\/secure.gravatar.com\/avatar\/2dfb47fe8ef5e1795dc8fdf9fc01f7f6e0de0c5b588d6a35abd2f00b6a65d2be?s=96&d=mm&r=g","url":"https:\/\/secure.gravatar.com\/avatar\/2dfb47fe8ef5e1795dc8fdf9fc01f7f6e0de0c5b588d6a35abd2f00b6a65d2be?s=96&d=mm&r=g","height":96,"width":96}},"publisher":{"@type":"Organization","name":"asipo.cz","logo":{"@type":"ImageObject","@id":"\/logo.png","url":"\/logo.png","width":600,"height":60}},"image":{"@type":"ImageObject","@id":"https:\/\/www.asipo.cz\/wp-content\/uploads\/pexels-photo-2569819.jpeg","url":"https:\/\/www.asipo.cz\/wp-content\/uploads\/pexels-photo-2569819.jpeg","height":0,"width":0},"keywords":null},{"@type":"Article","@id":"https:\/\/www.asipo.cz\/poridte-si-bazen-a-zvelebte-svou-zahradu\/","headline":"Po\u0159i\u010fte si baz\u00e9n a zvelebte svou zahradu","url":"https:\/\/www.asipo.cz\/poridte-si-bazen-a-zvelebte-svou-zahradu\/","datePublished":"2023-06-20","dateModified":"2023-07-20","mainEntityOfPage":"https:\/\/www.asipo.cz\/poridte-si-bazen-a-zvelebte-svou-zahradu\/","author":{"@type":"Person","@id":"https:\/\/www.asipo.cz\/author\/#Person","name":"","url":"https:\/\/www.asipo.cz\/author\/","identifier":1,"image":{"@type":"ImageObject","@id":"https:\/\/secure.gravatar.com\/avatar\/2dfb47fe8ef5e1795dc8fdf9fc01f7f6e0de0c5b588d6a35abd2f00b6a65d2be?s=96&d=mm&r=g","url":"https:\/\/secure.gravatar.com\/avatar\/2dfb47fe8ef5e1795dc8fdf9fc01f7f6e0de0c5b588d6a35abd2f00b6a65d2be?s=96&d=mm&r=g","height":96,"width":96}},"publisher":{"@type":"Organization","name":"asipo.cz","logo":{"@type":"ImageObject","@id":"\/logo.png","url":"\/logo.png","width":600,"height":60}},"image":{"@type":"ImageObject","@id":"https:\/\/www.asipo.cz\/wp-content\/uploads\/luisana-zerpa-3rHTkPiCy5g-unsplash.jpg","url":"https:\/\/www.asipo.cz\/wp-content\/uploads\/luisana-zerpa-3rHTkPiCy5g-unsplash.jpg","height":0,"width":0},"keywords":null},{"@type":"Article","@id":"https:\/\/www.asipo.cz\/co-muze-trapi-ve-strednim-veku\/","headline":"Co mu\u017ee tr\u00e1p\u00ed ve st\u0159edn\u00edm v\u011bku?","url":"https:\/\/www.asipo.cz\/co-muze-trapi-ve-strednim-veku\/","datePublished":"2023-06-19","dateModified":"2023-07-19","mainEntityOfPage":"https:\/\/www.asipo.cz\/co-muze-trapi-ve-strednim-veku\/","author":{"@type":"Person","@id":"https:\/\/www.asipo.cz\/author\/#Person","name":"","url":"https:\/\/www.asipo.cz\/author\/","identifier":1,"image":{"@type":"ImageObject","@id":"https:\/\/secure.gravatar.com\/avatar\/2dfb47fe8ef5e1795dc8fdf9fc01f7f6e0de0c5b588d6a35abd2f00b6a65d2be?s=96&d=mm&r=g","url":"https:\/\/secure.gravatar.com\/avatar\/2dfb47fe8ef5e1795dc8fdf9fc01f7f6e0de0c5b588d6a35abd2f00b6a65d2be?s=96&d=mm&r=g","height":96,"width":96}},"publisher":{"@type":"Organization","name":"asipo.cz","logo":{"@type":"ImageObject","@id":"\/logo.png","url":"\/logo.png","width":600,"height":60}},"image":{"@type":"ImageObject","@id":"https:\/\/www.asipo.cz\/wp-content\/uploads\/nate-johnston-daX3ltHx1mw-unsplash.jpg","url":"https:\/\/www.asipo.cz\/wp-content\/uploads\/nate-johnston-daX3ltHx1mw-unsplash.jpg","height":0,"width":0},"keywords":null},{"@type":"Article","@id":"https:\/\/www.asipo.cz\/jak-znit-jako-hudebnik\/","headline":"Jak zn\u00edt jako hudebn\u00edk","url":"https:\/\/www.asipo.cz\/jak-znit-jako-hudebnik\/","datePublished":"2023-05-30","dateModified":"2023-06-30","mainEntityOfPage":"https:\/\/www.asipo.cz\/jak-znit-jako-hudebnik\/","author":{"@type":"Person","@id":"https:\/\/www.asipo.cz\/author\/#Person","name":"","url":"https:\/\/www.asipo.cz\/author\/","identifier":1,"image":{"@type":"ImageObject","@id":"https:\/\/secure.gravatar.com\/avatar\/2dfb47fe8ef5e1795dc8fdf9fc01f7f6e0de0c5b588d6a35abd2f00b6a65d2be?s=96&d=mm&r=g","url":"https:\/\/secure.gravatar.com\/avatar\/2dfb47fe8ef5e1795dc8fdf9fc01f7f6e0de0c5b588d6a35abd2f00b6a65d2be?s=96&d=mm&r=g","height":96,"width":96}},"publisher":{"@type":"Organization","name":"asipo.cz","logo":{"@type":"ImageObject","@id":"\/logo.png","url":"\/logo.png","width":600,"height":60}},"image":{"@type":"ImageObject","@id":"https:\/\/www.asipo.cz\/wp-content\/uploads\/simon-weisser-phS37wg8cQg-unsplash.jpg","url":"https:\/\/www.asipo.cz\/wp-content\/uploads\/simon-weisser-phS37wg8cQg-unsplash.jpg","height":0,"width":0},"keywords":null},{"@type":"Article","@id":"https:\/\/www.asipo.cz\/proc-si-obout-stribrne-nebo-cervene-kozacky-se-snerovanim-a-zipem\/","headline":"Pro\u010d si obout st\u0159\u00edbrn\u00e9 nebo \u010derven\u00e9 koza\u010dky se \u0161n\u011brov\u00e1n\u00edm a zipem","url":"https:\/\/www.asipo.cz\/proc-si-obout-stribrne-nebo-cervene-kozacky-se-snerovanim-a-zipem\/","datePublished":"2023-05-20","dateModified":"2023-06-21","mainEntityOfPage":"https:\/\/www.asipo.cz\/proc-si-obout-stribrne-nebo-cervene-kozacky-se-snerovanim-a-zipem\/","author":{"@type":"Person","@id":"https:\/\/www.asipo.cz\/author\/#Person","name":"","url":"https:\/\/www.asipo.cz\/author\/","identifier":1,"image":{"@type":"ImageObject","@id":"https:\/\/secure.gravatar.com\/avatar\/2dfb47fe8ef5e1795dc8fdf9fc01f7f6e0de0c5b588d6a35abd2f00b6a65d2be?s=96&d=mm&r=g","url":"https:\/\/secure.gravatar.com\/avatar\/2dfb47fe8ef5e1795dc8fdf9fc01f7f6e0de0c5b588d6a35abd2f00b6a65d2be?s=96&d=mm&r=g","height":96,"width":96}},"publisher":{"@type":"Organization","name":"asipo.cz","logo":{"@type":"ImageObject","@id":"\/logo.png","url":"\/logo.png","width":600,"height":60}},"image":{"@type":"ImageObject","@id":"https:\/\/www.asipo.cz\/wp-content\/uploads\/urban-gyllstrom-N6h93XEggVg-unsplash.jpg","url":"https:\/\/www.asipo.cz\/wp-content\/uploads\/urban-gyllstrom-N6h93XEggVg-unsplash.jpg","height":0,"width":0},"keywords":null},{"@type":"Article","@id":"https:\/\/www.asipo.cz\/mejte-originalni-svatebni-oznameni\/","headline":"M\u011bjte origin\u00e1ln\u00ed svatebn\u00ed ozn\u00e1men\u00ed","url":"https:\/\/www.asipo.cz\/mejte-originalni-svatebni-oznameni\/","datePublished":"2023-05-15","dateModified":"2023-06-15","mainEntityOfPage":"https:\/\/www.asipo.cz\/mejte-originalni-svatebni-oznameni\/","author":{"@type":"Person","@id":"https:\/\/www.asipo.cz\/author\/#Person","name":"","url":"https:\/\/www.asipo.cz\/author\/","identifier":1,"image":{"@type":"ImageObject","@id":"https:\/\/secure.gravatar.com\/avatar\/2dfb47fe8ef5e1795dc8fdf9fc01f7f6e0de0c5b588d6a35abd2f00b6a65d2be?s=96&d=mm&r=g","url":"https:\/\/secure.gravatar.com\/avatar\/2dfb47fe8ef5e1795dc8fdf9fc01f7f6e0de0c5b588d6a35abd2f00b6a65d2be?s=96&d=mm&r=g","height":96,"width":96}},"publisher":{"@type":"Organization","name":"asipo.cz","logo":{"@type":"ImageObject","@id":"\/logo.png","url":"\/logo.png","width":600,"height":60}},"image":{"@type":"ImageObject","@id":"https:\/\/www.asipo.cz\/wp-content\/uploads\/istockphoto-619366746-612x612.jpg","url":"https:\/\/www.asipo.cz\/wp-content\/uploads\/istockphoto-619366746-612x612.jpg","height":0,"width":0},"keywords":null}]}