[{"@context":"https:\/\/schema.org\/","@type":"Article","@id":"https:\/\/www.asipo.cz\/schody-do-nebe\/#Article","mainEntityOfPage":"https:\/\/www.asipo.cz\/schody-do-nebe\/","headline":"Schody do nebe","name":"Schody do nebe","description":"Jeden by \u0159ekl, \u017ee na schodech se u\u017e nic nov\u00e9ho vymyslet ned\u00e1. Vedou nahoru a...","datePublished":"2024-02-13","dateModified":"2024-03-15","author":{"@type":"Person","@id":"https:\/\/www.asipo.cz\/author\/#Person","name":"","url":"https:\/\/www.asipo.cz\/author\/","identifier":1,"image":{"@type":"ImageObject","@id":"https:\/\/secure.gravatar.com\/avatar\/2dfb47fe8ef5e1795dc8fdf9fc01f7f6e0de0c5b588d6a35abd2f00b6a65d2be?s=96&d=mm&r=g","url":"https:\/\/secure.gravatar.com\/avatar\/2dfb47fe8ef5e1795dc8fdf9fc01f7f6e0de0c5b588d6a35abd2f00b6a65d2be?s=96&d=mm&r=g","height":96,"width":96}},"publisher":{"@type":"Organization","name":"asipo.cz","logo":{"@type":"ImageObject","@id":"\/logo.png","url":"\/logo.png","width":600,"height":60}},"image":{"@type":"ImageObject","@id":"https:\/\/www.asipo.cz\/wp-content\/uploads\/stairs-5958812_640.jpg","url":"https:\/\/www.asipo.cz\/wp-content\/uploads\/stairs-5958812_640.jpg","height":0,"width":0},"url":"https:\/\/www.asipo.cz\/schody-do-nebe\/","about":["Zbo\u017e\u00ed"],"wordCount":425,"articleBody":"      Jeden by \u0159ekl, \u017ee na schodech se u\u017e nic nov\u00e9ho vymyslet ned\u00e1. Vedou nahoru a dol\u016f a mimo zm\u011bny materi\u00e1lu jsou schodi\u0161t\u011b st\u00e1le stejn\u00e1. Nebo podobn\u00e1. Ov\u0161em nen\u00ed tomu tak. Sami jste se jist\u011b setkali s r\u016fzn\u00fdmi druhy schod\u016f, ne\u0159\u00edkejte, \u017ee ne. T\u0159eba doma v panel\u00e1ku m\u00e1te asi schody lomen\u00e9 klasick\u00e9, kde\u017eto do v\u011b\u017e\u00ed star\u00fdch hrad\u016f vedou schody to\u010dit\u00e9. Zde se m\u016f\u017eeme chvilku pozdr\u017eet a pod\u00edvat se na to, pro\u010d jsou schodi\u0161t\u011b v hradech kroucen\u00e1 ve sm\u011bru hodinov\u00fdch ru\u010di\u010dek, tedy doprava. Nev\u00edte?Inu, bylo to kv\u016fli bezpe\u010dnosti. Obrana hradu neb\u00fdvala jednoduch\u00e1 a stavitel\u00e9 jaksi logicky p\u0159edpokl\u00e1dali, \u017ee \u00fato\u010dn\u00edci budou prav\u00e1ci. A kdy\u017e maj\u00ed pravou ruku u zdi, m\u011bli omezen\u00fd prostor. A nav\u00edc odkryt\u00fd bok, tak\u017ee obr\u00e1nci je mohli kr\u00e1sn\u011b napadat. N\u011bkde se nav\u00edc je\u0161t\u011b d\u011blaly schody tak, \u017ee byl ka\u017ed\u00fd jin\u00fd. Dom\u00e1c\u00ed je znali, tak v\u011bd\u011bli, jak po nich j\u00edt, kde\u017eto \u00fato\u010dn\u00edk ve tm\u011b to nev\u011bd\u011bl, tud\u00ed\u017e t\u00edm bylo zv\u00fd\u0161eno nebezpe\u010d\u00ed p\u00e1du pro n\u011bj. Ale dosti historie, mus\u00edme se zase vr\u00e1tit zp\u00e1tky. Nyn\u011bj\u0161\u00ed schodi\u0161t\u011b jsou pochopiteln\u011b koncipov\u00e1na \u00fapln\u011b jinak. S n\u011bjak\u00fdm p\u011b\u0161\u00edm \u00fato\u010dn\u00edkem se ji\u017e d\u00e1vno prad\u00e1vno nepo\u010d\u00edt\u00e1. Nanejv\u00fd\u0161 tak je\u0161t\u011b n\u011bkde ve \u0161kole na d\u011bti m\u016f\u017ee \u00fato\u010dit ukl\u00edze\u010dka s hadrem, ale mysl\u00edm, \u017ee ani to u\u017e nen\u00ed mo\u017en\u00e9. Modern\u00ed schodi\u0161t\u011b mus\u00ed m\u00edt tak\u00e9 bezpe\u010dnostn\u00ed prvky a t\u00edm je z\u00e1bradl\u00ed. A zde se ji\u017e m\u016f\u017ee vy\u0159\u00e1dit pan architekt, nebo kdo vlastn\u011b schodi\u0161t\u011b navrhuje. Proto\u017ee pr\u00e1v\u011b z\u00e1bradl\u00ed m\u016f\u017ee zaujmout. Pokud je t\u0159eba z \u017eeleza a m\u00e1 zaj\u00edmav\u011b zoh\u00fdban\u00e9 \u201e\u0161pru\u0161le\u201c. Samoz\u0159ejm\u011b, \u017ee nejlep\u0161\u00ed a nejhez\u010d\u00ed materi\u00e1l je d\u0159evo. Ud\u011blat kr\u00e1sn\u011b vy\u0159ez\u00e1v\u00e1n\u00ed ru\u010dn\u011b v\u0161ak u\u017e asi dnes nikdo neum\u00ed. Tak\u017ee se d\u011bl\u00e1 jen takov\u00e9 to madlo, kter\u00e9ho se \u010dlov\u011bk dr\u017e\u00ed, aby nesl\u00edtl. To m\u016f\u017ee b\u00fdt v podstat\u011b z \u010dehokoli, nap\u0159\u00edklad sklen\u011bn\u00e9 z\u00e1bradl\u00ed kombinovan\u00e9 se d\u0159evem m\u016f\u017ee vyhl\u00ed\u017eet velmi zaj\u00edmav\u011b. Rozhodn\u011b bude hez\u010d\u00ed na pohled ne\u017eli oby\u010dejn\u00e9 panel\u00e1kov\u00e9. Ale to u\u017e je jin\u00e1 p\u00edsni\u010dka.                                                                                                                                                                                                                                                                                                                                                                                           4.1\/5 - (7 votes)        "},{"@context":"https:\/\/schema.org\/","@type":"BreadcrumbList","itemListElement":[{"@type":"ListItem","position":1,"name":"Schody do nebe","item":"https:\/\/www.asipo.cz\/schody-do-nebe\/#breadcrumbitem"}]}]