[{"@context":"https:\/\/schema.org\/","@type":"Article","@id":"https:\/\/www.asipo.cz\/porizujeme-skrine-na-miru-jako-vanocni-darek\/#Article","mainEntityOfPage":"https:\/\/www.asipo.cz\/porizujeme-skrine-na-miru-jako-vanocni-darek\/","headline":"Po\u0159izujeme sk\u0159\u00edn\u011b na m\u00edru jako v\u00e1no\u010dn\u00ed d\u00e1rek","name":"Po\u0159izujeme sk\u0159\u00edn\u011b na m\u00edru jako v\u00e1no\u010dn\u00ed d\u00e1rek","description":"M\u00e1te r\u00e1di p\u0159\u00edjemn\u00e1 p\u0159ekvapen\u00ed, kter\u00e1 v\u00e1m nachyst\u00e1 n\u011bkdo z rodiny? Nap\u0159\u00edklad v\u00e1m va\u0161e pan\u00ed upe\u010de...","datePublished":"2024-04-13","dateModified":"2024-05-13","author":{"@type":"Person","@id":"https:\/\/www.asipo.cz\/author\/#Person","name":"","url":"https:\/\/www.asipo.cz\/author\/","identifier":1,"image":{"@type":"ImageObject","@id":"https:\/\/secure.gravatar.com\/avatar\/2dfb47fe8ef5e1795dc8fdf9fc01f7f6e0de0c5b588d6a35abd2f00b6a65d2be?s=96&d=mm&r=g","url":"https:\/\/secure.gravatar.com\/avatar\/2dfb47fe8ef5e1795dc8fdf9fc01f7f6e0de0c5b588d6a35abd2f00b6a65d2be?s=96&d=mm&r=g","height":96,"width":96}},"publisher":{"@type":"Organization","name":"asipo.cz","logo":{"@type":"ImageObject","@id":"\/logo.png","url":"\/logo.png","width":600,"height":60}},"image":{"@type":"ImageObject","@id":"https:\/\/www.asipo.cz\/wp-content\/uploads\/hallway-8518673_640_1.jpg","url":"https:\/\/www.asipo.cz\/wp-content\/uploads\/hallway-8518673_640_1.jpg","height":0,"width":0},"url":"https:\/\/www.asipo.cz\/porizujeme-skrine-na-miru-jako-vanocni-darek\/","about":["Zbo\u017e\u00ed"],"wordCount":457,"articleBody":"      M\u00e1te r\u00e1di p\u0159\u00edjemn\u00e1 p\u0159ekvapen\u00ed, kter\u00e1 v\u00e1m nachyst\u00e1 n\u011bkdo z rodiny? Nap\u0159\u00edklad v\u00e1m va\u0161e pan\u00ed upe\u010de k narozenin\u00e1m t\u0159\u00edpatrov\u00fd dort, anebo zajist\u00ed jako p\u0159ekvapen\u00ed t\u00fddenn\u00ed dovolenou na Kan\u00e1rsk\u00fdch ostrovech a vy nev\u00edte do posledn\u00ed chv\u00edle, kam to vlastn\u011b cestujete? Pak byste mohli na opl\u00e1tku tak\u00e9 n\u011bco nachystat. M\u016f\u017ee se to hodit nap\u0159\u00edklad tehdy, jestli\u017ee m\u00e1te v byt\u011b star\u00fd n\u00e1bytek, nap\u0159\u00edklad \u0161atn\u00ed sk\u0159\u00edn\u011b v lo\u017enici, kter\u00e9 ji\u017e dosluhuj\u00ed, a pamatuj\u00ed dobu p\u0159ed t\u00e9m\u011b\u0159 t\u0159iceti lety. Postarejte se o to, aby va\u0161e \u017eena, d\u011bti \u010di rodi\u010de odjeli n\u011bkam na p\u00e1r dn\u016f sami, bez v\u00e1s, na dovolenou a p\u0159edst\u00edrejte pracovn\u00ed vyt\u00ed\u017een\u00ed v zam\u011bstn\u00e1n\u00ed, ov\u0161em tak, aby si nikdo nemyslel, \u017ee m\u00e1te v byt\u011b milenku, a chcete va\u0161i rodinu podv\u00e1d\u011bt. Jestli\u017ee se v\u00e1m to poda\u0159\u00ed, budete m\u00edt voln\u00e9 pole p\u016fsobnosti k p\u0159edem domluven\u00e9 mont\u00e1\u017ei sk\u0159\u00edn\u011b na m\u00edru z Prahy https:\/\/sten-skrine.cz\/. Co v\u00e1m v\u0161ak doporu\u010dujeme, je opatrn\u011b p\u0159ed t\u00edmto p\u0159ekvapen\u00edm sondovat a zjistit, jak\u00e9 posuvn\u00e9 dve\u0159e by se va\u0161\u00ed pan\u00ed l\u00edbily, nap\u0159\u00edklad prohl\u00ed\u017een\u00edm katalogu sk\u0159\u00edn\u00ed na m\u00edru, s od\u016fvodn\u011bn\u00edm, jako \u017ee byste si je n\u011bkdy mohli v budoucnu, a\u017e n\u011bco na\u0161et\u0159\u00edte, po\u0159\u00eddit.P\u0159ekvapen\u00ed to bude dokonal\u00e9 a nav\u00edc si vlastn\u011b va\u0161e \u017eena sama vybere \u0159e\u0161en\u00ed, kter\u00e9 se j\u00ed nejv\u00edc l\u00edb\u00ed. Mohou to b\u00fdt posuvn\u00e9 dve\u0159e koncipovan\u00e9 s tvarovan\u00fdmi zrcadly, ve dvou pastelov\u00fdch barv\u00e1ch \u010di v b\u00edl\u00e9 barv\u011b, anebo v jedn\u00e9 barv\u011b v\u00fdrazn\u011b kontrastn\u00ed v\u016f\u010di dla\u017eb\u011b na podlaze a malb\u011b interi\u00e9ru. Vnit\u0159n\u00ed vybaven\u00ed sk\u0159\u00edn\u00ed je pom\u011brn\u011b snadn\u00e9 zvolit dle st\u00e1vaj\u00edc\u00edho uspo\u0159\u00e1d\u00e1n\u00ed vnit\u0159n\u00edch prostor va\u0161eho n\u00e1bytku, ov\u0161em v\u00fdrobci sk\u0159\u00edn\u00ed na m\u00edru v\u00e1m mohou navrhnout jist\u00e9 zm\u011bny k lep\u0161\u00edmu, kter\u00fdch m\u016f\u017eete vyu\u017e\u00edt, a pokud si netrouf\u00e1te s nimi vyrukovat jako s p\u0159ekvapen\u00edm, m\u016f\u017eete je op\u011btovn\u011b p\u0159i debat\u011b s man\u017eelkou o va\u0161em budouc\u00edm n\u00e1bytku nadhodit.M\u016f\u017eete se pak t\u011b\u0161it na ten nejkr\u00e1sn\u011bj\u0161\u00ed moment p\u0159ekvapen\u00ed, a\u017e v\u0161ichni p\u0159ijedou z dovolen\u00e9, odemknou dve\u0159e do bytu, a bude-li sk\u0159\u00ed\u0148 v p\u0159eds\u00edni, mo\u017en\u00e1 se budou domn\u00edvat, \u017ee si spletli patro nebo vchod do domu a vstoupili do ciz\u00edho bytu.                                                                                                                                                                                                                                                                                                                                                                                          3.3\/5 - (9 votes)        "},{"@context":"https:\/\/schema.org\/","@type":"BreadcrumbList","itemListElement":[{"@type":"ListItem","position":1,"name":"Po\u0159izujeme sk\u0159\u00edn\u011b na m\u00edru jako v\u00e1no\u010dn\u00ed d\u00e1rek","item":"https:\/\/www.asipo.cz\/porizujeme-skrine-na-miru-jako-vanocni-darek\/#breadcrumbitem"}]}]