[{"@context":"https:\/\/schema.org\/","@type":"Article","@id":"https:\/\/www.asipo.cz\/neni-vzdycky-posviceni\/#Article","mainEntityOfPage":"https:\/\/www.asipo.cz\/neni-vzdycky-posviceni\/","headline":"Nen\u00ed v\u017edycky posv\u00edcen\u00ed","name":"Nen\u00ed v\u017edycky posv\u00edcen\u00ed","description":"P\u0159inejmen\u0161\u00edm zna\u010dn\u00e1 \u010d\u00e1st na\u0161ich dne\u0161n\u00edch podnikatel\u016f by to r\u00e1da dot\u00e1hla t\u0159eba na \u00farove\u0148 takov\u00fdch soukromn\u00edk\u016f,...","datePublished":"2023-07-07","dateModified":"2023-09-07","author":{"@type":"Person","@id":"https:\/\/www.asipo.cz\/author\/#Person","name":"","url":"https:\/\/www.asipo.cz\/author\/","identifier":1,"image":{"@type":"ImageObject","@id":"https:\/\/secure.gravatar.com\/avatar\/2dfb47fe8ef5e1795dc8fdf9fc01f7f6e0de0c5b588d6a35abd2f00b6a65d2be?s=96&d=mm&r=g","url":"https:\/\/secure.gravatar.com\/avatar\/2dfb47fe8ef5e1795dc8fdf9fc01f7f6e0de0c5b588d6a35abd2f00b6a65d2be?s=96&d=mm&r=g","height":96,"width":96}},"publisher":{"@type":"Organization","name":"asipo.cz","logo":{"@type":"ImageObject","@id":"\/logo.png","url":"\/logo.png","width":600,"height":60}},"image":{"@type":"ImageObject","@id":"https:\/\/www.asipo.cz\/wp-content\/uploads\/credit-card-401076_1280.jpg","url":"https:\/\/www.asipo.cz\/wp-content\/uploads\/credit-card-401076_1280.jpg","height":0,"width":0},"url":"https:\/\/www.asipo.cz\/neni-vzdycky-posviceni\/","about":["Www"],"wordCount":418,"articleBody":"   P\u0159inejmen\u0161\u00edm zna\u010dn\u00e1 \u010d\u00e1st na\u0161ich dne\u0161n\u00edch podnikatel\u016f by to r\u00e1da dot\u00e1hla t\u0159eba na \u00farove\u0148 takov\u00fdch soukromn\u00edk\u016f, jak\u00fdmi byli sv\u00e9ho \u010dasu Ford, Ba\u0165a, Kolben a Dan\u011bk a podobn\u00ed. A kdy\u017e na to p\u0159ijde, \u0161ance tu v\u017edycky je. V dne\u0161n\u00edm sv\u011bt\u011b a p\u0159i dne\u0161n\u00ed glob\u00e1ln\u00ed konkurenci je to sice m\u00e1lo pravd\u011bpodobn\u00e9, \u017ee by se z n\u011bjak\u00e9ho za\u010d\u00ednaj\u00edc\u00edho drobn\u00e9ho podnikatele mohl n\u011bkdo tak \u00fasp\u011b\u0161n\u00fd, bohat\u00fd a vlivn\u00fd vyvinout, ale co my v\u00edme? Mo\u017en\u00e9 je v\u0161echno.Jen\u017ee kdy\u017e je mo\u017en\u00e9 v\u0161echno, je mo\u017en\u00e9 i to, \u017ee se takov\u00ed podnikatel\u00e9 nam\u00edsto vysn\u011bn\u00e9ho ohromn\u00e9ho bohatstv\u00ed dostanou sp\u00ed\u0161 do ekonomick\u00fdch probl\u00e9m\u016f a dluh\u016f a dost mo\u017en\u00e1 i zkrachuj\u00ed. A finan\u010dn\u00ed probl\u00e9my dne\u0161n\u00edch soukromn\u00edk\u016f jsou daleko pravd\u011bpodobn\u011bj\u0161\u00ed ne\u017e poh\u00e1dkov\u00e9 zbohatnut\u00ed.To by ale nem\u011blo soukrom\u00e9 podnikatele odrazovat. M\u011bli by co nejusilovn\u011bji pracovat, rozumn\u011b zach\u00e1zet s t\u00edm, co maj\u00ed, a doufat, \u017ee jim bude \u0161t\u011bst\u00ed p\u0159\u00e1t.A kdy\u017e jim nep\u0159eje \u0161t\u011bst\u00ed v podob\u011b dost vysok\u00fdch zisk\u016f? Pak by jim toto m\u011blo p\u0159\u00e1t aspo\u0148 p\u0159i sh\u00e1n\u011bn\u00ed p\u016fj\u010dek. Proto\u017ee jenom t\u011bmi lze \u010dasto vy\u0159e\u0161it probl\u00e9my, kter\u00e9 mohou kdykoliv na kohokoliv ze soukromn\u00edk\u016f dolehnout.Kdy\u017e nejsou pen\u00edze vlastn\u00ed a podnik\u00e1n\u00ed se z toho d\u016fvodu komplikuje, m\u016f\u017ee to d\u00e1t p\u016fj\u010dka zase do po\u0159\u00e1dku. Ale tak tomu je jen tehdy, kdy\u017e si podnikatel vezme p\u016fj\u010dku, kterou jednak dostane a jednak zvl\u00e1dne splatit. A tou je \u010dasto nebankovn\u00ed hypot\u00e9ka, proto\u017ee jenom tento typ p\u016fj\u010dky od nebankovn\u00ed spole\u010dnosti je \u010dasto t\u00edm, co mohou podnikatel\u00e9 v t\u00edsni z\u00edskat, na co se mohou spolehnout. Proto\u017ee za takovou hypot\u00e9ku se mus\u00ed jenom ru\u010dit nemovitost\u00ed, a pokud podnikatel nemovitost vhodnou k zastaven\u00ed m\u00e1, dostane to, co pot\u0159ebuje. Pen\u00edze, d\u00edky nim\u017e p\u0159e\u010dk\u00e1 t\u011b\u017ek\u00e9 \u010dasy a vydr\u017e\u00ed, dokud nebude l\u00edp. A kdo v\u00ed, zda t\u00edm nez\u00edsk\u00e1 i nad\u011bji st\u00e1t se jednoho dne velk\u00fdm podnikatelem, kter\u00e9ho bude uzn\u00e1vat cel\u00fd sv\u011bt. Jako jsou t\u0159eba ti v\u00fd\u0161e zm\u00edn\u011bn\u00ed nebo i nezm\u00edn\u011bn\u00ed.                                                                                                                                                                                                                                                                                                                                                                                          4.4\/5 - (10 votes)        "},{"@context":"https:\/\/schema.org\/","@type":"BreadcrumbList","itemListElement":[{"@type":"ListItem","position":1,"name":"Nen\u00ed v\u017edycky posv\u00edcen\u00ed","item":"https:\/\/www.asipo.cz\/neni-vzdycky-posviceni\/#breadcrumbitem"}]}]