[{"@context":"https:\/\/schema.org\/","@type":"Article","@id":"https:\/\/www.asipo.cz\/nabirani-na-vaze\/#Article","mainEntityOfPage":"https:\/\/www.asipo.cz\/nabirani-na-vaze\/","headline":"Nab\u00edr\u00e1n\u00ed na v\u00e1ze","name":"Nab\u00edr\u00e1n\u00ed na v\u00e1ze","description":"Menopauza je tu a vy ka\u017ed\u00fdm t\u00fddnem zji\u0161\u0165ujete, \u017ee jste zase p\u0159ibrala. Doby, kdy jste...","datePublished":"2024-12-20","dateModified":"2024-12-20","author":{"@type":"Person","@id":"https:\/\/www.asipo.cz\/author\/#Person","name":"","url":"https:\/\/www.asipo.cz\/author\/","identifier":1,"image":{"@type":"ImageObject","@id":"https:\/\/secure.gravatar.com\/avatar\/2dfb47fe8ef5e1795dc8fdf9fc01f7f6e0de0c5b588d6a35abd2f00b6a65d2be?s=96&d=mm&r=g","url":"https:\/\/secure.gravatar.com\/avatar\/2dfb47fe8ef5e1795dc8fdf9fc01f7f6e0de0c5b588d6a35abd2f00b6a65d2be?s=96&d=mm&r=g","height":96,"width":96}},"publisher":{"@type":"Organization","name":"asipo.cz","logo":{"@type":"ImageObject","@id":"\/logo.png","url":"\/logo.png","width":600,"height":60}},"url":"https:\/\/www.asipo.cz\/nabirani-na-vaze\/","wordCount":186,"articleBody":"Menopauza je tu a vy ka\u017ed\u00fdm t\u00fddnem zji\u0161\u0165ujete, \u017ee jste zase p\u0159ibrala. Doby, kdy jste v\u00e1\u017eila 60 kg, jsou d\u00e1vno pry\u010d a V\u00e1m se za\u010d\u00edn\u00e1 d\u011blat b\u0159\u00ed\u0161ko a dokonce se V\u00e1m zv\u011bt\u0161il i zadek. I kdy\u017e chod\u00edte, t\u0159ikr\u00e1t t\u00fddn\u011b cvi\u010dit, v\u00fdtah nepou\u017e\u00edv\u00e1te a kam to jde, chod\u00edte p\u011b\u0161ky, v\u00fdsledky moc nevid\u00edte. Klimakterium na V\u00e1s zanech\u00e1v\u00e1 velkou stopu a vy p\u0159em\u00fd\u0161l\u00edte jak nad n\u00edm vyzr\u00e1t. Neztloustn\u011bte v menopauze V\u0161echny \u017eeny ve Va\u0161em v\u011bku, kter\u00e9 zn\u00e1te, posledn\u00ed dobou tloustnou a vy tu\u0161\u00edte, \u017ee svou vinu na tom nese klimakterium. Nechcete ztloustnout taky. Za\u010d\u00edn\u00e1te cvi\u010dit \u010dast\u011bji ne\u017e do te\u010f, ale tu\u0161\u00edte, \u017ee p\u0159\u00edroda si v tomto obdob\u00ed s \u017eensk\u00fdm t\u011blem d\u011bl\u00e1, co chce. Vyzkou\u0161ejte v\u010das p\u0159\u00edrodn\u00ed prost\u0159edky, kter\u00e9 V\u00e1s zbav\u00ed projev\u016f menopauzy, mezi kter\u00e9 pat\u0159\u00ed mimo jin\u00e9 i p\u0159ib\u00edr\u00e1n\u00ed na v\u00e1ze.                                                                                                                                                                                                                                                                                                                                                                                        4\/5 - (2 votes)        "},{"@context":"https:\/\/schema.org\/","@type":"BreadcrumbList","itemListElement":[{"@type":"ListItem","position":1,"name":"Nab\u00edr\u00e1n\u00ed na v\u00e1ze","item":"https:\/\/www.asipo.cz\/nabirani-na-vaze\/#breadcrumbitem"}]}]